{"id":6861,"date":"2025-03-21T19:30:31","date_gmt":"2025-03-21T18:30:31","guid":{"rendered":"https:\/\/www.nvaadorf.ch\/wp\/?p=6861"},"modified":"2026-04-04T16:23:57","modified_gmt":"2026-04-04T14:23:57","slug":"anlass-generalversammlung-2025","status":"publish","type":"post","link":"https:\/\/www.nvaadorf.ch\/wp\/anlass-generalversammlung-2025\/","title":{"rendered":"Anlass | Generalversammlung 21. M\u00e4rz 2025"},"content":{"rendered":"\t\t<div data-elementor-type=\"wp-post\" data-elementor-id=\"6861\" class=\"elementor elementor-6861\" data-elementor-post-type=\"post\">\n\t\t\t\t<div class=\"elementor-element elementor-element-6e551bd9 e-flex e-con-boxed e-con e-parent\" data-id=\"6e551bd9\" data-element_type=\"container\" data-e-type=\"container\">\n\t\t\t\t\t<div class=\"e-con-inner\">\n\t\t\t\t<div class=\"elementor-element elementor-element-cb6ebaa elementor-widget elementor-widget-heading\" data-id=\"cb6ebaa\" data-element_type=\"widget\" data-e-type=\"widget\" data-widget_type=\"heading.default\">\n\t\t\t\t<div class=\"elementor-widget-container\">\n\t\t\t\t\t<h2 class=\"elementor-heading-title elementor-size-default\">Infos<\/h2>\t\t\t\t<\/div>\n\t\t\t\t<\/div>\n\t\t\t\t<div class=\"elementor-element elementor-element-36732fe elementor-widget elementor-widget-text-editor\" data-id=\"36732fe\" data-element_type=\"widget\" data-e-type=\"widget\" data-widget_type=\"text-editor.default\">\n\t\t\t\t<div class=\"elementor-widget-container\">\n\t\t\t\t\t\t\t\t\t<p><strong>Wann<\/strong><br \/>Freitag, 21.03.2025 &#8211; 19:30 bis 22:00<\/p>\n<p><strong>Wo<\/strong><br \/>Hotel &amp; Restaurant Heidelberg, Sch\u00fctzenstrasse 45, 8355 Aadorf<\/p>\t\t\t\t\t\t\t\t<\/div>\n\t\t\t\t<\/div>\n\t\t\t\t<div class=\"elementor-element elementor-element-c9571bc elementor-widget elementor-widget-heading\" data-id=\"c9571bc\" data-element_type=\"widget\" data-e-type=\"widget\" data-widget_type=\"heading.default\">\n\t\t\t\t<div class=\"elementor-widget-container\">\n\t\t\t\t\t<h2 class=\"elementor-heading-title elementor-size-default\">Traktanden <\/h2>\t\t\t\t<\/div>\n\t\t\t\t<\/div>\n\t\t\t\t<div class=\"elementor-element elementor-element-2fac5284 elementor-widget elementor-widget-text-editor\" data-id=\"2fac5284\" data-element_type=\"widget\" data-e-type=\"widget\" data-widget_type=\"text-editor.default\">\n\t\t\t\t<div class=\"elementor-widget-container\">\n\t\t\t\t\t\t\t\t\t<p><span style=\"font-size: 16px;\"><b>1. <\/b><strong>Vortrag von Selina Conrad, \u00fcber den Einfluss der Vogelf\u00fctterung auf das Brutgesch\u00e4ft<\/strong><\/span><\/p>\n<p><strong><span style=\"font-size: 16px;\">2. Begr\u00fcssung und Pr\u00e4senzkontrolle durch den Pr\u00e4sidenten\u00a0<\/span><\/strong><\/p>\n<p><strong><span style=\"font-size: 16px;\">3. Wahl der Stimmenz\u00e4hler:innen\u00a0<\/span><\/strong><\/p>\n<p><strong><span style=\"font-size: 16px;\">4. Genehmigung des Protokolls der letztj\u00e4hrigen Mitgliederversammlung vom 15. M\u00e4rz 2024\u00a0<\/span><\/strong><\/p>\n<p><strong><span style=\"font-size: 16px;\">5. Pr\u00e4sentation der Jahresrechnung 2024 inklusive Bilanz 2024 durch die scheidende Kassierin und Best\u00e4tigungsbericht durch die Revisior:innen Anita Schenk und Roman Schoch Voser\u00a0<\/span><\/strong><\/p>\n<p><strong><span style=\"font-size: 16px;\">6. Diskussion bzw. Best\u00e4tigung der Mitgliederbeitr\u00e4ge\u00a0<\/span><\/strong><\/p>\n<p><strong><span style=\"font-size: 16px;\">7. Jahresbericht 2024 des Pr\u00e4sidenten betreffend Vereinst\u00e4tigkeiten\u00a0<\/span><\/strong><\/p>\n<p><strong><span style=\"font-size: 16px;\">8. Die Wahlen f\u00fcr die Periode vom M\u00e4rz 2025 bis M\u00e4rz 2026 gem\u00e4ss folgendem Vorschlag<br \/><\/span><\/strong><\/p>\n<ul>\n<li>Nadja Dietrich (Pr\u00e4sidentin) und Marcel Bachmann (Kassier) als Einzelwahl<\/li>\n<li>J\u00f6rg Helfenstein, Thomas Haller, Rolf Sennhauser, Marco Brunner, Patricia Good als gemeinsame Wahl<\/li>\n<\/ul>\n<p><strong><span style=\"font-size: 16px;\">9. Vorl\u00e4ufiges Jahresprogramm in steter Erg\u00e4nzung f\u00fcr das Jahr 2025\u00a0<\/span><\/strong><\/p>\n<p><strong><span style=\"font-size: 16px;\">10. Diskussion \u00fcber die Nutzung von Mailadressen@nvva.ch\u00a0<\/span><\/strong><\/p>\n<p><strong><span style=\"font-size: 16px;\">11. Neuer Kalender nicht nur NVA auch andere thematisch passende\u00a0<\/span><\/strong><\/p>\n<p><strong><span style=\"font-size: 16px;\">12. Neophyten\u00a0<\/span><\/strong><\/p>\n<p><strong><span style=\"font-size: 16px;\">13. Verschiedene Informationen von Gemeinderat Stefan Brunner\u00a0<\/span><\/strong><\/p>\n<p><strong><span style=\"font-size: 16px;\">14. Diverses bzw. Varia<\/span><\/strong><\/p>\n<p><span style=\"font-size: 16px;\">\u00a0 \u00a0 \u00a0 14.1 Pr\u00e4sentation von Mathis M\u00fcller TVS\/BirdLife TG\u00a0<\/span><\/p>\n<p>\u00a0<\/p>\n<p>Links zu den aktualisierten Downloads:<br \/><a href=\"https:\/\/www.nvaadorf.ch\/wp\/wp-content\/uploads\/2025\/02\/Protokoll-Mitgliederversammlung-vom-15.-Maerz-2024.pdf\" target=\"_blank\" rel=\"noopener\">Protokoll der GV vom 15. M\u00e4rz 2024<\/a><br \/><a href=\"https:\/\/www.nvaadorf.ch\/wp\/wp-content\/uploads\/2025\/03\/Jahresbericht_2024.pdf\" target=\"_blank\" rel=\"noopener\">Jahresbericht 2024\u00a0<\/a><br \/><a href=\"https:\/\/www.nvaadorf.ch\/wp\/wp-content\/uploads\/2025\/03\/NVVA-2024-Erfolgsrechnung.pdf\" target=\"_blank\" rel=\"noopener\">Erfolgsrechnung 2024<\/a><br \/><a href=\"https:\/\/www.nvaadorf.ch\/wp\/wp-content\/uploads\/2025\/03\/NVVA-2024-Bilanz.pdf\" target=\"_blank\" rel=\"noopener\">Bilanz 2024<\/a><\/p>\n<p><a href=\"https:\/\/www.nvaadorf.ch\/wp\/wp-content\/uploads\/2025\/03\/Programm-soweit-2025.pdf\">Provisorisches Jahresprogramm<\/a><\/p>\n<p>\u00a0<\/p>\t\t\t\t\t\t\t\t<\/div>\n\t\t\t\t<\/div>\n\t\t\t\t\t<\/div>\n\t\t\t\t<\/div>\n\t\t\t\t<\/div>\n\t\t","protected":false},"excerpt":{"rendered":"<p>Infos WannFreitag, 21.03.2025 &#8211; 19:30 bis 22:00 WoHotel &amp; Restaurant Heidelberg, Sch\u00fctzenstrasse 45, 8355 Aadorf Traktanden 1. Vortrag von Selina Conrad, \u00fcber den Einfluss der Vogelf\u00fctterung auf das Brutgesch\u00e4ft 2. Begr\u00fcssung und Pr\u00e4senzkontrolle durch den Pr\u00e4sidenten\u00a0 3. Wahl der Stimmenz\u00e4hler:innen\u00a0 4. Genehmigung des Protokolls der letztj\u00e4hrigen Mitgliederversammlung vom 15. M\u00e4rz 2024\u00a0 5. Pr\u00e4sentation der Jahresrechnung [&hellip;]<\/p>\n","protected":false},"author":10,"featured_media":4158,"comment_status":"open","ping_status":"closed","sticky":false,"template":"","format":"standard","meta":{"site-sidebar-layout":"default","site-content-layout":"","ast-site-content-layout":"default","site-content-style":"default","site-sidebar-style":"default","ast-global-header-display":"","ast-banner-title-visibility":"","ast-main-header-display":"","ast-hfb-above-header-display":"","ast-hfb-below-header-display":"","ast-hfb-mobile-header-display":"","site-post-title":"","ast-breadcrumbs-content":"","ast-featured-img":"","footer-sml-layout":"","ast-disable-related-posts":"","theme-transparent-header-meta":"","adv-header-id-meta":"","stick-header-meta":"","header-above-stick-meta":"","header-main-stick-meta":"","header-below-stick-meta":"","astra-migrate-meta-layouts":"default","ast-page-background-enabled":"default","ast-page-background-meta":{"desktop":{"background-color":"var(--ast-global-color-5)","background-image":"","background-repeat":"repeat","background-position":"center center","background-size":"auto","background-attachment":"scroll","background-type":"","background-media":"","overlay-type":"","overlay-color":"","overlay-opacity":"","overlay-gradient":""},"tablet":{"background-color":"","background-image":"","background-repeat":"repeat","background-position":"center center","background-size":"auto","background-attachment":"scroll","background-type":"","background-media":"","overlay-type":"","overlay-color":"","overlay-opacity":"","overlay-gradient":""},"mobile":{"background-color":"","background-image":"","background-repeat":"repeat","background-position":"center center","background-size":"auto","background-attachment":"scroll","background-type":"","background-media":"","overlay-type":"","overlay-color":"","overlay-opacity":"","overlay-gradient":""}},"ast-content-background-meta":{"desktop":{"background-color":"var(--ast-global-color-4)","background-image":"","background-repeat":"repeat","background-position":"center center","background-size":"auto","background-attachment":"scroll","background-type":"","background-media":"","overlay-type":"","overlay-color":"","overlay-opacity":"","overlay-gradient":""},"tablet":{"background-color":"var(--ast-global-color-4)","background-image":"","background-repeat":"repeat","background-position":"center center","background-size":"auto","background-attachment":"scroll","background-type":"","background-media":"","overlay-type":"","overlay-color":"","overlay-opacity":"","overlay-gradient":""},"mobile":{"background-color":"var(--ast-global-color-4)","background-image":"","background-repeat":"repeat","background-position":"center center","background-size":"auto","background-attachment":"scroll","background-type":"","background-media":"","overlay-type":"","overlay-color":"","overlay-opacity":"","overlay-gradient":""}},"footnotes":""},"categories":[1],"tags":[193,84,71,83],"class_list":["post-6861","post","type-post","status-publish","format-standard","has-post-thumbnail","hentry","category-news","tag-193","tag-downloads","tag-gv","tag-traktanden"],"_links":{"self":[{"href":"https:\/\/www.nvaadorf.ch\/wp\/wp-json\/wp\/v2\/posts\/6861","targetHints":{"allow":["GET"]}}],"collection":[{"href":"https:\/\/www.nvaadorf.ch\/wp\/wp-json\/wp\/v2\/posts"}],"about":[{"href":"https:\/\/www.nvaadorf.ch\/wp\/wp-json\/wp\/v2\/types\/post"}],"author":[{"embeddable":true,"href":"https:\/\/www.nvaadorf.ch\/wp\/wp-json\/wp\/v2\/users\/10"}],"replies":[{"embeddable":true,"href":"https:\/\/www.nvaadorf.ch\/wp\/wp-json\/wp\/v2\/comments?post=6861"}],"version-history":[{"count":0,"href":"https:\/\/www.nvaadorf.ch\/wp\/wp-json\/wp\/v2\/posts\/6861\/revisions"}],"wp:featuredmedia":[{"embeddable":true,"href":"https:\/\/www.nvaadorf.ch\/wp\/wp-json\/wp\/v2\/media\/4158"}],"wp:attachment":[{"href":"https:\/\/www.nvaadorf.ch\/wp\/wp-json\/wp\/v2\/media?parent=6861"}],"wp:term":[{"taxonomy":"category","embeddable":true,"href":"https:\/\/www.nvaadorf.ch\/wp\/wp-json\/wp\/v2\/categories?post=6861"},{"taxonomy":"post_tag","embeddable":true,"href":"https:\/\/www.nvaadorf.ch\/wp\/wp-json\/wp\/v2\/tags?post=6861"}],"curies":[{"name":"wp","href":"https:\/\/api.w.org\/{rel}","templated":true}]}}